[{"@context":"https:\/\/schema.org\/","@type":"Article","@id":"https:\/\/www.vumscomp.cz\/vzhled-typicky-pro-barbinu\/#Article","mainEntityOfPage":"https:\/\/www.vumscomp.cz\/vzhled-typicky-pro-barbinu\/","headline":"Vzhled typick\u00fd pro barb\u00ednu","name":"Vzhled typick\u00fd pro barb\u00ednu","description":"Mal\u00fdm hol\u010di\u010dk\u00e1m, kter\u00e9 se obl\u00e9kaj\u00ed jako princezny, se \u0159\u00edk\u00e1 barb\u00edny. Vypadaj\u00ed toti\u017e p\u0159esn\u011b tak jako panenky, kter\u00e9 se daj\u00ed zakoupit v obchod\u011b a symbolizuj\u00ed to, jak je kr\u00e1sa \u017eeny dokonal\u00e1. Nic by tomu nevadilo v p\u0159\u00edpad\u011b, pokud by se jednalo pouze o mlad\u00e9 d\u00edvky, kter\u00e9 tak zpravidla obl\u00e9kaj\u00ed jejich maminky. Pon\u011bkud v\u011bt\u0161\u00ed vlnu kritiky si [&hellip;]","datePublished":"2025-03-01","dateModified":"2023-04-29","author":{"@type":"Person","@id":"https:\/\/www.vumscomp.cz\/author\/#Person","name":"vumscomp.cz\n","url":"https:\/\/www.vumscomp.cz\/author\/","identifier":1,"image":{"@type":"ImageObject","@id":"https:\/\/secure.gravatar.com\/avatar\/65248d4269af31fa3fa693ee3fd479d0960b985d370ed586e59378332be7a3ce?s=96&d=mm&r=g","url":"https:\/\/secure.gravatar.com\/avatar\/65248d4269af31fa3fa693ee3fd479d0960b985d370ed586e59378332be7a3ce?s=96&d=mm&r=g","height":96,"width":96}},"publisher":{"@type":"Organization","name":"vumscomp.cz","logo":{"@type":"ImageObject","@id":"\/logo.png","url":"\/logo.png","width":600,"height":60}},"image":{"@type":"ImageObject","@id":"https:\/\/www.vumscomp.cz\/wp-content\/uploads\/img_a337076_w1890_t1550333760.jpg","url":"https:\/\/www.vumscomp.cz\/wp-content\/uploads\/img_a337076_w1890_t1550333760.jpg","height":0,"width":0},"url":"https:\/\/www.vumscomp.cz\/vzhled-typicky-pro-barbinu\/","about":["M\u00f3da"],"wordCount":484,"articleBody":"Mal\u00fdm hol\u010di\u010dk\u00e1m, kter\u00e9 se obl\u00e9kaj\u00ed jako princezny, se \u0159\u00edk\u00e1 barb\u00edny. Vypadaj\u00ed toti\u017e p\u0159esn\u011b tak jako panenky, kter\u00e9 se daj\u00ed zakoupit v obchod\u011b a symbolizuj\u00ed to, jak je kr\u00e1sa \u017eeny dokonal\u00e1. Nic by tomu nevadilo v p\u0159\u00edpad\u011b, pokud by se jednalo pouze o mlad\u00e9 d\u00edvky, kter\u00e9 tak zpravidla obl\u00e9kaj\u00ed jejich maminky.Pon\u011bkud v\u011bt\u0161\u00ed vlnu kritiky si v\u0161ak odnesou \u017eeny, kter\u00e9 jsou u\u017e v dostate\u010dn\u011b zral\u00e9m v\u011bku na to, aby pro nich byl r\u016f\u017eov\u00fd outfit typick\u00fd.\tR\u016f\u017eov\u00e1 v\u0161ude, kam se jenom pod\u00edv\u00e1\u0161I dosp\u011bl\u00e9 \u017eeny maj\u00ed pot\u0159ebu vynikat v jejich m\u00f3dn\u00edch trendech, a to n\u011bkdy a\u017e tak, \u017ee se to pokl\u00e1d\u00e1 za nepochopiteln\u00e9. O tom, \u017ee je r\u016f\u017eov\u00e1 barva n\u011b\u017en\u00e1 a p\u0159irozen\u011b \u017eensk\u00e1, nen\u00ed pochyb. Ale jenom v p\u0159\u00edpad\u011b, se s n\u00ed ve va\u0161em \u0161atn\u00edku sp\u00ed\u0161e \u0161et\u0159\u00ed. Kdy\u017e se v\u0161ak objevuje ve va\u0161ich outfitech \u010dast\u011bji, ne\u017e je pro zralou \u017eenu norm\u00e1ln\u00ed, automaticky za\u010dnou lidi pochybovat o tom, jestli jste norm\u00e1ln\u00ed a v\u016fbec dosp\u011bl\u00e1.P\u0159ehnan\u00fd m\u00f3dn\u00ed styl, ve kter\u00e9m p\u0159evl\u00e1d\u00e1 zejm\u00e9na r\u016f\u017eov\u00e1, v\u00e1m m\u016f\u017ee zp\u016fsobit nejen nez\u00e1jem mu\u017e\u016f, ale i n\u00e1zor na va\u0161\u00ed osobnost, kter\u00fd bude mluvit ve v\u00e1\u0161 neprosp\u011bch. Obl\u00e9kat se jako panenka, kter\u00e1 d\u00e1v\u00e1 p\u0159ednost hol\u010di\u010d\u00edmu stylu a v jeho jm\u00e9n\u011b dola\u010fuje ka\u017ed\u00fd detail i doma je n\u011bco, co se opravdu nenos\u00ed. Alespo\u0148 ne pro \u017eenu, kter\u00e1 u\u017e vyrostla.\tCo je tedy tak akor\u00e1t?V p\u0159\u00edpad\u011b, \u017ee v\u00e1m je tato barva sympatick\u00e1 jako v\u011bt\u0161in\u011b \u017een, nem\u011bly byste ji hned zavrhnout jenom proto, \u017ee se pova\u017euje za hol\u010di\u010d\u00ed. Za\u0159adit ji do va\u0161eho \u0161atn\u00edku m\u016f\u017eete v mnoha sm\u011brech, zejm\u00e9na jako dopln\u011bn\u00ed celkov\u00e9ho va\u0161eho outfitu. Hod\u00ed se pro v\u0161echny kombinace styl\u016f a barevn\u00fdch odst\u00edn\u016f, ov\u0161em mus\u00edte s n\u00ed vzbudit dojem, \u017ee je pouze sou\u010d\u00e1st\u00ed va\u0161eho \u201elooku\u201c.Pokud to s n\u00ed nep\u0159e\u017eenete a budete m\u00edt kousky oble\u010den\u00ed, kter\u00e9 dopln\u00edte o jin\u00e9 a mnohem decentn\u011bj\u0161\u00ed barvy, tref\u00edte se do \u010dern\u00e9ho.Ide\u00e1ln\u00ed je zvolit pouze jeden kousek, kter\u00fd m\u00e1 r\u016f\u017eov\u00fd odst\u00edn a zbytek doladit u\u017e pon\u011bkud v\u00edce \u017eensky a modern\u011b. R\u016f\u017eov\u00e1 halenka s \u010dern\u00fdmi kalhoty nebo b\u00edlou sukn\u00ed, bude v\u017edy p\u0159\u00edjemn\u00fdm o\u017eiven\u00edm va\u0161eho vzhledu, rovn\u011b\u017e jako kombinace \u0161ed\u00e9 barvy \u2013 nap\u0159\u00edklad s r\u016f\u017eov\u00fdmi lodi\u010dkami.Doplnit v\u00e1\u0161 nev\u00fdrazn\u00ed outfit m\u016f\u017eete i d\u00edky r\u016f\u017eov\u00e9mu \u0161\u00e1tku, dopl\u0148k\u016fm nebo p\u00e1sku, kter\u00fd ho p\u0159ivede k dokonalosti bez toho, abyste \u0161l\u00e1ply vedle.                                                                                                                                                                                                                                                                                                                                                                                        4.5\/5 - (4 votes)        "},{"@context":"https:\/\/schema.org\/","@type":"BreadcrumbList","itemListElement":[{"@type":"ListItem","position":1,"name":"Vzhled typick\u00fd pro barb\u00ednu","item":"https:\/\/www.vumscomp.cz\/vzhled-typicky-pro-barbinu\/#breadcrumbitem"}]}]