[{"@context":"https:\/\/schema.org\/","@type":"Article","@id":"https:\/\/www.vumscomp.cz\/zazijte-cistou-prirodu-na-jizni-morave\/#Article","mainEntityOfPage":"https:\/\/www.vumscomp.cz\/zazijte-cistou-prirodu-na-jizni-morave\/","headline":"Za\u017eijte \u010distou p\u0159\u00edrodu na ji\u017en\u00ed Morav\u011b","name":"Za\u017eijte \u010distou p\u0159\u00edrodu na ji\u017en\u00ed Morav\u011b","description":"Rozje\u010fte se na ji\u017en\u00ed Moravu a naberte si plnou n\u00e1ru\u010d slunce, kter\u00e9 vy\u017eivuje sladk\u00e9 vinn\u00e9 hrozny. Za\u017eijte kr\u00e1sn\u00fd pocit toho, \u017ee m\u00e1me je\u0161t\u011b kout \u010dist\u00e9 p\u0159\u00edrody, kde vina\u0159i p\u011bstuj\u00ed zdrav\u00e9 hrozny, ze kter\u00fd https:\/\/www.rekola.cz\/faq-proc ch vyr\u00e1b\u011bj\u00ed \u00fa\u017easn\u00e9 moravsk\u00e9 v\u00edno. A to v\u0161e za\u017eijete na sv\u00fdch toulk\u00e1ch ji\u017en\u00ed Moravou. Sklon\u00edte se p\u0159ed um\u011bn\u00edm na\u0161ich p\u0159edk\u016f, a\u017e [&hellip;]","datePublished":"2019-11-06","dateModified":"2023-04-29","author":{"@type":"Person","@id":"https:\/\/www.vumscomp.cz\/author\/#Person","name":"vumscomp.cz\n","url":"https:\/\/www.vumscomp.cz\/author\/","identifier":1,"image":{"@type":"ImageObject","@id":"https:\/\/secure.gravatar.com\/avatar\/65248d4269af31fa3fa693ee3fd479d0960b985d370ed586e59378332be7a3ce?s=96&d=mm&r=g","url":"https:\/\/secure.gravatar.com\/avatar\/65248d4269af31fa3fa693ee3fd479d0960b985d370ed586e59378332be7a3ce?s=96&d=mm&r=g","height":96,"width":96}},"publisher":{"@type":"Organization","name":"vumscomp.cz","logo":{"@type":"ImageObject","@id":"\/logo.png","url":"\/logo.png","width":600,"height":60}},"image":{"@type":"ImageObject","@id":"https:\/\/www.vumscomp.cz\/wp-content\/uploads\/img_a367244_w1890_t1579697780.jpg","url":"https:\/\/www.vumscomp.cz\/wp-content\/uploads\/img_a367244_w1890_t1579697780.jpg","height":0,"width":0},"url":"https:\/\/www.vumscomp.cz\/zazijte-cistou-prirodu-na-jizni-morave\/","about":["Slu\u017eby"],"wordCount":422,"articleBody":"     Rozje\u010fte se na ji\u017en\u00ed Moravu a naberte si plnou n\u00e1ru\u010d slunce, kter\u00e9 vy\u017eivuje sladk\u00e9 vinn\u00e9 hrozny. Za\u017eijte kr\u00e1sn\u00fd pocit toho, \u017ee m\u00e1me je\u0161t\u011b kout \u010dist\u00e9 p\u0159\u00edrody, kde vina\u0159i p\u011bstuj\u00ed zdrav\u00e9 hrozny, ze kter\u00fd https:\/\/www.rekola.cz\/faq-proc ch vyr\u00e1b\u011bj\u00ed \u00fa\u017easn\u00e9 moravsk\u00e9 v\u00edno. A to v\u0161e za\u017eijete na sv\u00fdch toulk\u00e1ch ji\u017en\u00ed Moravou. Sklon\u00edte se p\u0159ed um\u011bn\u00edm na\u0161ich p\u0159edk\u016f, a\u017e zhl\u00e9dnete z\u00e1mky v Lednici a ve Valtic\u00edch. Objevujte na\u0161e pam\u00e1tky \u2013 Lednicko-valtick\u00fd are\u00e1l, kter\u00fd vznikl p\u0159ed stovky let. O jeho vznik se zaslou\u017eil rod Lichten\u0161tejn\u016f, kter\u00fd ho i d\u00e1le zveleboval a zanechal vzkaz dal\u0161\u00edm generac\u00edm ve form\u011b neposkvrn\u011bn\u00e9 p\u0159\u00edrody, vz\u00e1cn\u00fdch d\u0159evin, spoustou voln\u00fdch m\u00edst, na kter\u00fdch vystav\u011bl a\u0165 drobn\u00e9 \u010di monument\u00e1ln\u00ed stavby. Okouzl\u00ed v\u00e1s pohled ze z\u00e1mku v Mikulov\u011b na pod v\u00e1mi jakoby rozeset\u00e9 \u010derven\u00e9 st\u0159echy dom\u016f, zataj\u00ed se v\u00e1m dech p\u0159i stoup\u00e1n\u00ed K\u0159\u00ed\u017eovou cestou vzh\u016fru na svat\u00fd Kope\u010dek. K\u0159\u00ed\u017eov\u00e1 cesta je jednou z nejstar\u0161\u00edch poutn\u00edch zastaven\u00ed v \u010cesk\u00e9 republice. Objevujme ji s pokorou ve skrytu du\u0161e. Abyste m\u011bli dostatek \u010dasu na proch\u00e1zky a v\u00fdlety, pohodov\u00fd pobyt nab\u00edz\u00ed Mikulov Galant. Najdete zde p\u0159\u00edjemn\u00e9 ubytov\u00e1n\u00ed s milou a p\u0159\u00edv\u011btivou obsluhou, kter\u00e1 si um\u00ed v\u00e1\u017eit host\u016f a vytv\u00e1\u0159\u00ed v\u00e1m pocit p\u0159\u00edjemn\u011b str\u00e1ven\u00fdch chvil b\u011bhem va\u0161\u00ed dovolen\u00e9. Nav\u00edc hotely Mikulov nab\u00edz\u00ed to, co jinde t\u011b\u017eko budete hledat, a to wellness se st\u0159e\u0161n\u00edm baz\u00e9nem, kter\u00fd zahrnuje vodn\u00ed mas\u00e1\u017ee, chrli\u010de vody, dva protiproudy a chromoterapii. Chromoterapie je jednou z l\u00e9\u010div\u00fdch cest, jak projasnit du\u0161i a uvolnit t\u011blo. Jedn\u00e1 se o l\u00e9\u010dbu sv\u011btlem. Modern\u00ed psychologick\u00e9 v\u00fdzkumy prok\u00e1zaly, \u017ee na na\u0161i mysl m\u00e1 vliv nejen v\u016fn\u011b a muzika, ale i sv\u011btlo a barvy. A pr\u00e1v\u011b spojen\u00edm sv\u011btla a barev vznikla chromoterapie, kdy p\u016fsoben\u00edm t\u011bchto dvou slo\u017eek doch\u00e1z\u00ed k harmonizaci t\u011bla. P\u0159ij\u010fte za\u017e\u00edt tuto nev\u0161edn\u00ed hru barev a sv\u011btel a dovolit si odpo\u010dinout. U st\u0159e\u0161n\u00edho baz\u00e9nu jsou um\u00edst\u011bny i v\u00ed\u0159ivky, ze kter\u00fdch je n\u00e1dhern\u00fd pohled na Mikulov a svat\u00fd Kope\u010dek.                                                                                                                                                                                                                                                                                                                                                                                         4.3\/5 - (6 votes)        "},{"@context":"https:\/\/schema.org\/","@type":"BreadcrumbList","itemListElement":[{"@type":"ListItem","position":1,"name":"Za\u017eijte \u010distou p\u0159\u00edrodu na ji\u017en\u00ed Morav\u011b","item":"https:\/\/www.vumscomp.cz\/zazijte-cistou-prirodu-na-jizni-morave\/#breadcrumbitem"}]}]